{"id":270,"date":"2018-02-23T21:56:58","date_gmt":"2018-02-23T20:56:58","guid":{"rendered":"http:\/\/demographie-campagnol.vetagro-sup.fr\/?p=270"},"modified":"2018-02-23T22:40:55","modified_gmt":"2018-02-23T21:40:55","slug":"symposium-de-recherche-campagnol-terrestre-en-auvergne","status":"publish","type":"post","link":"https:\/\/demographie-campagnol.vetagro-sup.fr\/index.php\/2018\/02\/23\/symposium-de-recherche-campagnol-terrestre-en-auvergne\/","title":{"rendered":"Symposium de recherche : Campagnol terrestre en Auvergne"},"content":{"rendered":"<p>Ce printemps, nous organisons \u00e0 VetAgro-Sup un petit \u00e9v\u00e9nement autour de la th\u00e9matique du campagnol terrestre au sein du monde de la recherche.<\/p>\n<p><img loading=\"lazy\" decoding=\"async\" class=\"aligncenter wp-image-274\" src=\"http:\/\/demographie-campagnol.vetagro-sup.fr\/wp-content\/uploads\/2018\/02\/mortier-300x300.jpg\" alt=\"\" width=\"190\" height=\"190\" srcset=\"https:\/\/demographie-campagnol.vetagro-sup.fr\/wp-content\/uploads\/2018\/02\/mortier-300x300.jpg 300w, https:\/\/demographie-campagnol.vetagro-sup.fr\/wp-content\/uploads\/2018\/02\/mortier-150x150.jpg 150w, https:\/\/demographie-campagnol.vetagro-sup.fr\/wp-content\/uploads\/2018\/02\/mortier-100x100.jpg 100w, https:\/\/demographie-campagnol.vetagro-sup.fr\/wp-content\/uploads\/2018\/02\/mortier.jpg 626w\" sizes=\"auto, (max-width: 190px) 100vw, 190px\" \/><\/p>\n<p>Il s\u2019agit d\u2019un micro-symposium. <strong>7 unit\u00e9s de recherche<\/strong> diff\u00e9rentes sont attendues, <strong>une vingtaine de participants <\/strong>devraient participer, <strong>10 pr\u00e9sentations diff\u00e9rentes<\/strong> vont \u00eatre faites dans la journ\u00e9e.<\/p>\n<p>Le but est de se pr\u00e9senter nos hypoth\u00e8ses de recherche et nos travaux de terrain avec pour objectif de mutualiser, collaborer, cr\u00e9er une \u00e9mulation scientifique.<\/p>\n<p>&nbsp;<\/p>\n","protected":false},"excerpt":{"rendered":"<p>Ce printemps, nous organisons \u00e0 VetAgro-Sup un petit \u00e9v\u00e9nement autour de la th\u00e9matique du campagnol terrestre au sein du monde de la recherche. Il s\u2019agit d\u2019un micro-symposium. 7 unit\u00e9s de recherche diff\u00e9rentes sont attendues, une vingtaine de participants devraient participer, 10 pr\u00e9sentations diff\u00e9rentes vont \u00eatre faites dans la journ\u00e9e. Le but est de se pr\u00e9senter &hellip; <\/p>\n<p class=\"link-more\"><a href=\"https:\/\/demographie-campagnol.vetagro-sup.fr\/index.php\/2018\/02\/23\/symposium-de-recherche-campagnol-terrestre-en-auvergne\/\" class=\"more-link\">Continuer la lecture<span class=\"screen-reader-text\"> de &laquo;&nbsp;Symposium de recherche : Campagnol terrestre en Auvergne&nbsp;&raquo;<\/span><\/a><\/p>\n","protected":false},"author":2,"featured_media":0,"comment_status":"open","ping_status":"open","sticky":false,"template":"","format":"standard","meta":{"footnotes":""},"categories":[3],"tags":[],"class_list":["post-270","post","type-post","status-publish","format-standard","hentry","category-blog"],"_links":{"self":[{"href":"https:\/\/demographie-campagnol.vetagro-sup.fr\/index.php\/wp-json\/wp\/v2\/posts\/270","targetHints":{"allow":["GET"]}}],"collection":[{"href":"https:\/\/demographie-campagnol.vetagro-sup.fr\/index.php\/wp-json\/wp\/v2\/posts"}],"about":[{"href":"https:\/\/demographie-campagnol.vetagro-sup.fr\/index.php\/wp-json\/wp\/v2\/types\/post"}],"author":[{"embeddable":true,"href":"https:\/\/demographie-campagnol.vetagro-sup.fr\/index.php\/wp-json\/wp\/v2\/users\/2"}],"replies":[{"embeddable":true,"href":"https:\/\/demographie-campagnol.vetagro-sup.fr\/index.php\/wp-json\/wp\/v2\/comments?post=270"}],"version-history":[{"count":5,"href":"https:\/\/demographie-campagnol.vetagro-sup.fr\/index.php\/wp-json\/wp\/v2\/posts\/270\/revisions"}],"predecessor-version":[{"id":282,"href":"https:\/\/demographie-campagnol.vetagro-sup.fr\/index.php\/wp-json\/wp\/v2\/posts\/270\/revisions\/282"}],"wp:attachment":[{"href":"https:\/\/demographie-campagnol.vetagro-sup.fr\/index.php\/wp-json\/wp\/v2\/media?parent=270"}],"wp:term":[{"taxonomy":"category","embeddable":true,"href":"https:\/\/demographie-campagnol.vetagro-sup.fr\/index.php\/wp-json\/wp\/v2\/categories?post=270"},{"taxonomy":"post_tag","embeddable":true,"href":"https:\/\/demographie-campagnol.vetagro-sup.fr\/index.php\/wp-json\/wp\/v2\/tags?post=270"}],"curies":[{"name":"wp","href":"https:\/\/api.w.org\/{rel}","templated":true}]}}