{"id":329,"date":"2018-09-11T10:56:47","date_gmt":"2018-09-11T08:56:47","guid":{"rendered":"http:\/\/demographie-campagnol.vetagro-sup.fr\/?p=329"},"modified":"2018-09-11T11:08:52","modified_gmt":"2018-09-11T09:08:52","slug":"communications-de-rentree","status":"publish","type":"post","link":"https:\/\/demographie-campagnol.vetagro-sup.fr\/index.php\/2018\/09\/11\/communications-de-rentree\/","title":{"rendered":"Communications de rentr\u00e9e"},"content":{"rendered":"<p><strong>Nous participons \u00e0 2 \u00e9v\u00e9nements publics pour ce d\u00e9but d&rsquo;automne<\/strong><a href=\"http:\/\/demographie-campagnol.vetagro-sup.fr\/wp-content\/uploads\/2018\/09\/logos.jpeg\"><img loading=\"lazy\" decoding=\"async\" class=\"size-medium wp-image-330 aligncenter\" src=\"http:\/\/demographie-campagnol.vetagro-sup.fr\/wp-content\/uploads\/2018\/09\/logos-300x90.jpeg\" alt=\"\" width=\"300\" height=\"90\" srcset=\"https:\/\/demographie-campagnol.vetagro-sup.fr\/wp-content\/uploads\/2018\/09\/logos-300x90.jpeg 300w, https:\/\/demographie-campagnol.vetagro-sup.fr\/wp-content\/uploads\/2018\/09\/logos.jpeg 482w\" sizes=\"auto, (max-width: 300px) 100vw, 300px\" \/><\/a>Nous serons pr\u00e9sents aux <a href=\"http:\/\/www.ara.inra.fr\/Evenements\/Herbe-de-nos-montagnes-2018\">journ\u00e9es de l&rsquo;herbe<\/a>, le jeudi 27 septembre 2018 \u00e0 Marcenat dans les ateliers interactifs ; \u00ab\u00a0<a href=\"https:\/\/inra-dam-front-resources-cdn.brainsonic.com\/ressources\/afile\/444021-c3b57-resource-plaquette-de-presentation-de-l-evenement-herbe-de-nos-montagnes.pdf\">Campagnol terrestres : organiser la lutte d&rsquo;aujourd&rsquo;hui et de demain<\/a>\u00a0\u00bb [jeudi 27 sept 2018 &#8211; 14h45 &#8211; 16h30]<\/p>\n<p>Nous allons y pr\u00e9senter une partie de nos r\u00e9sultats.<img loading=\"lazy\" decoding=\"async\" class=\"size-medium wp-image-333 aligncenter\" src=\"http:\/\/demographie-campagnol.vetagro-sup.fr\/wp-content\/uploads\/2018\/09\/BC-244x300.jpeg\" alt=\"\" width=\"244\" height=\"300\" srcset=\"https:\/\/demographie-campagnol.vetagro-sup.fr\/wp-content\/uploads\/2018\/09\/BC-244x300.jpeg 244w, https:\/\/demographie-campagnol.vetagro-sup.fr\/wp-content\/uploads\/2018\/09\/BC.jpeg 649w\" sizes=\"auto, (max-width: 244px) 100vw, 244px\" \/><\/p>\n<p>&nbsp;<\/p>\n<p>Nous serons pr\u00e9sents au <a href=\"https:\/\/www.sommet-elevage.fr\/fr\/home\/\">sommet de l&rsquo;\u00e9levage \u00e0 Cournon<\/a>,\u00a0 les 3, 4 et 5 octobre 2018. Nous seront sur le stand de l&rsquo;<a href=\"https:\/\/sommet-elevage.plan-interactif.com\/fr\/?init=ok#!\/H1\/search\/Institu%20National%20de%20la%20Recherche%20Agronomique\/@STAND\/H184\">INRA<\/a> (Hall 1 &#8211; 84);<\/p>\n<p>Nous allons y pr\u00e9senter une partie de nos r\u00e9sultats.<\/p>\n<p><a href=\"http:\/\/demographie-campagnol.vetagro-sup.fr\/wp-content\/uploads\/2018\/09\/BC-1.jpeg\"><img loading=\"lazy\" decoding=\"async\" class=\"size-medium wp-image-334 aligncenter\" src=\"http:\/\/demographie-campagnol.vetagro-sup.fr\/wp-content\/uploads\/2018\/09\/BC-1-300x300.jpeg\" alt=\"\" width=\"300\" height=\"300\" srcset=\"https:\/\/demographie-campagnol.vetagro-sup.fr\/wp-content\/uploads\/2018\/09\/BC-1-300x300.jpeg 300w, https:\/\/demographie-campagnol.vetagro-sup.fr\/wp-content\/uploads\/2018\/09\/BC-1-150x150.jpeg 150w, https:\/\/demographie-campagnol.vetagro-sup.fr\/wp-content\/uploads\/2018\/09\/BC-1-768x768.jpeg 768w, https:\/\/demographie-campagnol.vetagro-sup.fr\/wp-content\/uploads\/2018\/09\/BC-1-100x100.jpeg 100w, https:\/\/demographie-campagnol.vetagro-sup.fr\/wp-content\/uploads\/2018\/09\/BC-1.jpeg 892w\" sizes=\"auto, (max-width: 300px) 100vw, 300px\" \/><\/a><\/p>\n","protected":false},"excerpt":{"rendered":"<p>Nous participons \u00e0 2 \u00e9v\u00e9nements publics pour ce d\u00e9but d&rsquo;automneNous serons pr\u00e9sents aux journ\u00e9es de l&rsquo;herbe, le jeudi 27 septembre 2018 \u00e0 Marcenat dans les ateliers interactifs ; \u00ab\u00a0Campagnol terrestres : organiser la lutte d&rsquo;aujourd&rsquo;hui et de demain\u00a0\u00bb [jeudi 27 sept 2018 &#8211; 14h45 &#8211; 16h30] Nous allons y pr\u00e9senter une partie de nos r\u00e9sultats. &hellip; <\/p>\n<p class=\"link-more\"><a href=\"https:\/\/demographie-campagnol.vetagro-sup.fr\/index.php\/2018\/09\/11\/communications-de-rentree\/\" class=\"more-link\">Continuer la lecture<span class=\"screen-reader-text\"> de &laquo;&nbsp;Communications de rentr\u00e9e&nbsp;&raquo;<\/span><\/a><\/p>\n","protected":false},"author":2,"featured_media":0,"comment_status":"open","ping_status":"open","sticky":false,"template":"","format":"standard","meta":{"footnotes":""},"categories":[3],"tags":[],"class_list":["post-329","post","type-post","status-publish","format-standard","hentry","category-blog"],"_links":{"self":[{"href":"https:\/\/demographie-campagnol.vetagro-sup.fr\/index.php\/wp-json\/wp\/v2\/posts\/329","targetHints":{"allow":["GET"]}}],"collection":[{"href":"https:\/\/demographie-campagnol.vetagro-sup.fr\/index.php\/wp-json\/wp\/v2\/posts"}],"about":[{"href":"https:\/\/demographie-campagnol.vetagro-sup.fr\/index.php\/wp-json\/wp\/v2\/types\/post"}],"author":[{"embeddable":true,"href":"https:\/\/demographie-campagnol.vetagro-sup.fr\/index.php\/wp-json\/wp\/v2\/users\/2"}],"replies":[{"embeddable":true,"href":"https:\/\/demographie-campagnol.vetagro-sup.fr\/index.php\/wp-json\/wp\/v2\/comments?post=329"}],"version-history":[{"count":6,"href":"https:\/\/demographie-campagnol.vetagro-sup.fr\/index.php\/wp-json\/wp\/v2\/posts\/329\/revisions"}],"predecessor-version":[{"id":338,"href":"https:\/\/demographie-campagnol.vetagro-sup.fr\/index.php\/wp-json\/wp\/v2\/posts\/329\/revisions\/338"}],"wp:attachment":[{"href":"https:\/\/demographie-campagnol.vetagro-sup.fr\/index.php\/wp-json\/wp\/v2\/media?parent=329"}],"wp:term":[{"taxonomy":"category","embeddable":true,"href":"https:\/\/demographie-campagnol.vetagro-sup.fr\/index.php\/wp-json\/wp\/v2\/categories?post=329"},{"taxonomy":"post_tag","embeddable":true,"href":"https:\/\/demographie-campagnol.vetagro-sup.fr\/index.php\/wp-json\/wp\/v2\/tags?post=329"}],"curies":[{"name":"wp","href":"https:\/\/api.w.org\/{rel}","templated":true}]}}