{"id":350,"date":"2019-01-20T11:39:26","date_gmt":"2019-01-20T10:39:26","guid":{"rendered":"http:\/\/demographie-campagnol.vetagro-sup.fr\/?p=350"},"modified":"2019-03-18T13:14:20","modified_gmt":"2019-03-18T12:14:20","slug":"taux-de-croissance-des-campagnols-pissenlits","status":"publish","type":"post","link":"https:\/\/demographie-campagnol.vetagro-sup.fr\/index.php\/2019\/01\/20\/taux-de-croissance-des-campagnols-pissenlits\/","title":{"rendered":"Taux de croissance des campagnols ~ pissenlits"},"content":{"rendered":"\n<p>Sur les diff\u00e9rentes parcelles que nous avons \u00e9chantillonn\u00e9es l&rsquo;ann\u00e9e derni\u00e8re, nous avons observ\u00e9 une grande variabilit\u00e9 des taux de croissance printanier [0;10]. Alors que sur certaines parcelles, le nombre de campagnols explose entre avril et octobre, sur d&rsquo;autres la population a fortement d\u00e9clin\u00e9. La meilleure variable explicative de cette variabilit\u00e9 des taux de croissances est le nombre de fleurs de pissenlits ! <\/p>\n\n\n\n<figure class=\"wp-block-image\"><img loading=\"lazy\" decoding=\"async\" width=\"601\" height=\"514\" src=\"http:\/\/demographie-campagnol.vetagro-sup.fr\/wp-content\/uploads\/2019\/03\/taux_de_croissance.png\" alt=\"\" class=\"wp-image-352\" srcset=\"https:\/\/demographie-campagnol.vetagro-sup.fr\/wp-content\/uploads\/2019\/03\/taux_de_croissance.png 601w, https:\/\/demographie-campagnol.vetagro-sup.fr\/wp-content\/uploads\/2019\/03\/taux_de_croissance-300x257.png 300w\" sizes=\"auto, (max-width: 601px) 100vw, 601px\" \/><\/figure>\n\n\n\n<p>Le nombre de fleurs de pissenlits au 1er mai explique \u00e0 pr\u00e8s de 80% les variations des taux de croissances alors que la structure de la population (sex-ratio, poids, longueur, \u00e2ge, nombre d&#8217;embryons par femelles&#8230;) n&rsquo;est que tr\u00e8s peu explicative. Ainsi, si ce n&rsquo;est pas la f\u00e9condit\u00e9 qui est affect\u00e9e par la pr\u00e9sence de pissenlit, il est probable que le recrutement ou la survie juv\u00e9nile le soit. Pour conforter cette analyse, nous avons observ\u00e9 dans les parcelles en d\u00e9clin une carence importante en jeunes adultes.<\/p>\n","protected":false},"excerpt":{"rendered":"<p>Sur les diff\u00e9rentes parcelles que nous avons \u00e9chantillonn\u00e9es l&rsquo;ann\u00e9e derni\u00e8re, nous avons observ\u00e9 une grande variabilit\u00e9 des taux de croissance printanier [0;10]. Alors que sur certaines parcelles, le nombre de campagnols explose entre avril et octobre, sur d&rsquo;autres la population a fortement d\u00e9clin\u00e9. La meilleure variable explicative de cette variabilit\u00e9 des taux de croissances est &hellip; <\/p>\n<p class=\"link-more\"><a href=\"https:\/\/demographie-campagnol.vetagro-sup.fr\/index.php\/2019\/01\/20\/taux-de-croissance-des-campagnols-pissenlits\/\" class=\"more-link\">Continuer la lecture<span class=\"screen-reader-text\"> de &laquo;&nbsp;Taux de croissance des campagnols ~ pissenlits&nbsp;&raquo;<\/span><\/a><\/p>\n","protected":false},"author":2,"featured_media":0,"comment_status":"open","ping_status":"open","sticky":false,"template":"","format":"standard","meta":{"footnotes":""},"categories":[3],"tags":[],"class_list":["post-350","post","type-post","status-publish","format-standard","hentry","category-blog"],"_links":{"self":[{"href":"https:\/\/demographie-campagnol.vetagro-sup.fr\/index.php\/wp-json\/wp\/v2\/posts\/350","targetHints":{"allow":["GET"]}}],"collection":[{"href":"https:\/\/demographie-campagnol.vetagro-sup.fr\/index.php\/wp-json\/wp\/v2\/posts"}],"about":[{"href":"https:\/\/demographie-campagnol.vetagro-sup.fr\/index.php\/wp-json\/wp\/v2\/types\/post"}],"author":[{"embeddable":true,"href":"https:\/\/demographie-campagnol.vetagro-sup.fr\/index.php\/wp-json\/wp\/v2\/users\/2"}],"replies":[{"embeddable":true,"href":"https:\/\/demographie-campagnol.vetagro-sup.fr\/index.php\/wp-json\/wp\/v2\/comments?post=350"}],"version-history":[{"count":8,"href":"https:\/\/demographie-campagnol.vetagro-sup.fr\/index.php\/wp-json\/wp\/v2\/posts\/350\/revisions"}],"predecessor-version":[{"id":366,"href":"https:\/\/demographie-campagnol.vetagro-sup.fr\/index.php\/wp-json\/wp\/v2\/posts\/350\/revisions\/366"}],"wp:attachment":[{"href":"https:\/\/demographie-campagnol.vetagro-sup.fr\/index.php\/wp-json\/wp\/v2\/media?parent=350"}],"wp:term":[{"taxonomy":"category","embeddable":true,"href":"https:\/\/demographie-campagnol.vetagro-sup.fr\/index.php\/wp-json\/wp\/v2\/categories?post=350"},{"taxonomy":"post_tag","embeddable":true,"href":"https:\/\/demographie-campagnol.vetagro-sup.fr\/index.php\/wp-json\/wp\/v2\/tags?post=350"}],"curies":[{"name":"wp","href":"https:\/\/api.w.org\/{rel}","templated":true}]}}