{"id":358,"date":"2019-03-18T11:49:48","date_gmt":"2019-03-18T10:49:48","guid":{"rendered":"http:\/\/demographie-campagnol.vetagro-sup.fr\/?p=358"},"modified":"2019-03-18T11:55:40","modified_gmt":"2019-03-18T10:55:40","slug":"un-reseau-de-campagnol-version-yann-arthus-bertrand","status":"publish","type":"post","link":"https:\/\/demographie-campagnol.vetagro-sup.fr\/index.php\/2019\/03\/18\/un-reseau-de-campagnol-version-yann-arthus-bertrand\/","title":{"rendered":"Un r\u00e9seau de campagnol fa\u00e7on Yann Arthus Bertrand"},"content":{"rendered":"\n<p>L&rsquo;excavation de ce r\u00e9seau a permis de d\u00e9couvrir 3 silos localis\u00e9s pr\u00e8s du nid (en haut \u00e0 droite) pour un poids total de 1.844 kg de racines, compos\u00e9s \u00e0 100% de pissenlits !<br><\/p>\n\n\n\n<figure class=\"wp-block-image\"><img loading=\"lazy\" decoding=\"async\" width=\"1024\" height=\"768\" src=\"http:\/\/demographie-campagnol.vetagro-sup.fr\/wp-content\/uploads\/2019\/03\/B5BCD394A4E192EED91926EE4D3A613A-1024x768.jpg\" alt=\"\" class=\"wp-image-359\" srcset=\"https:\/\/demographie-campagnol.vetagro-sup.fr\/wp-content\/uploads\/2019\/03\/B5BCD394A4E192EED91926EE4D3A613A-1024x768.jpg 1024w, https:\/\/demographie-campagnol.vetagro-sup.fr\/wp-content\/uploads\/2019\/03\/B5BCD394A4E192EED91926EE4D3A613A-300x225.jpg 300w, https:\/\/demographie-campagnol.vetagro-sup.fr\/wp-content\/uploads\/2019\/03\/B5BCD394A4E192EED91926EE4D3A613A-768x576.jpg 768w\" sizes=\"auto, (max-width: 706px) 89vw, (max-width: 767px) 82vw, 740px\" \/><figcaption>(c) Manu Vidal &#8211;<em>  notez l&rsquo;\u00e9chelle de la photo (escabeau de 1.80m) en bas \u00e0 droite<\/em><\/figcaption><\/figure>\n\n\n\n<p><br><\/p>\n","protected":false},"excerpt":{"rendered":"<p>L&rsquo;excavation de ce r\u00e9seau a permis de d\u00e9couvrir 3 silos localis\u00e9s pr\u00e8s du nid (en haut \u00e0 droite) pour un poids total de 1.844 kg de racines, compos\u00e9s \u00e0 100% de pissenlits !<\/p>\n","protected":false},"author":2,"featured_media":0,"comment_status":"open","ping_status":"open","sticky":false,"template":"","format":"standard","meta":{"footnotes":""},"categories":[3],"tags":[],"class_list":["post-358","post","type-post","status-publish","format-standard","hentry","category-blog"],"_links":{"self":[{"href":"https:\/\/demographie-campagnol.vetagro-sup.fr\/index.php\/wp-json\/wp\/v2\/posts\/358","targetHints":{"allow":["GET"]}}],"collection":[{"href":"https:\/\/demographie-campagnol.vetagro-sup.fr\/index.php\/wp-json\/wp\/v2\/posts"}],"about":[{"href":"https:\/\/demographie-campagnol.vetagro-sup.fr\/index.php\/wp-json\/wp\/v2\/types\/post"}],"author":[{"embeddable":true,"href":"https:\/\/demographie-campagnol.vetagro-sup.fr\/index.php\/wp-json\/wp\/v2\/users\/2"}],"replies":[{"embeddable":true,"href":"https:\/\/demographie-campagnol.vetagro-sup.fr\/index.php\/wp-json\/wp\/v2\/comments?post=358"}],"version-history":[{"count":5,"href":"https:\/\/demographie-campagnol.vetagro-sup.fr\/index.php\/wp-json\/wp\/v2\/posts\/358\/revisions"}],"predecessor-version":[{"id":364,"href":"https:\/\/demographie-campagnol.vetagro-sup.fr\/index.php\/wp-json\/wp\/v2\/posts\/358\/revisions\/364"}],"wp:attachment":[{"href":"https:\/\/demographie-campagnol.vetagro-sup.fr\/index.php\/wp-json\/wp\/v2\/media?parent=358"}],"wp:term":[{"taxonomy":"category","embeddable":true,"href":"https:\/\/demographie-campagnol.vetagro-sup.fr\/index.php\/wp-json\/wp\/v2\/categories?post=358"},{"taxonomy":"post_tag","embeddable":true,"href":"https:\/\/demographie-campagnol.vetagro-sup.fr\/index.php\/wp-json\/wp\/v2\/tags?post=358"}],"curies":[{"name":"wp","href":"https:\/\/api.w.org\/{rel}","templated":true}]}}