{"id":369,"date":"2018-11-01T16:36:58","date_gmt":"2018-11-01T15:36:58","guid":{"rendered":"http:\/\/demographie-campagnol.vetagro-sup.fr\/?p=369"},"modified":"2019-04-29T16:38:14","modified_gmt":"2019-04-29T14:38:14","slug":"poster-sommet-de-lelevage-2018","status":"publish","type":"post","link":"https:\/\/demographie-campagnol.vetagro-sup.fr\/index.php\/2018\/11\/01\/poster-sommet-de-lelevage-2018\/","title":{"rendered":"Poster Sommet de l&rsquo;\u00e9levage 2018"},"content":{"rendered":"\n<p>Voici le poster que nous avons pr\u00e9sent\u00e9 au sommet de l&rsquo;\u00e9levage sur les interactions entre pissenlit et campagnols<\/p>\n\n\n\n<figure class=\"wp-block-image\"><img loading=\"lazy\" decoding=\"async\" width=\"723\" height=\"1024\" src=\"http:\/\/demographie-campagnol.vetagro-sup.fr\/wp-content\/uploads\/2019\/04\/poster-INRA_sommet2018V2-723x1024.jpg\" alt=\"\" class=\"wp-image-371\" srcset=\"https:\/\/demographie-campagnol.vetagro-sup.fr\/wp-content\/uploads\/2019\/04\/poster-INRA_sommet2018V2-723x1024.jpg 723w, https:\/\/demographie-campagnol.vetagro-sup.fr\/wp-content\/uploads\/2019\/04\/poster-INRA_sommet2018V2-212x300.jpg 212w, https:\/\/demographie-campagnol.vetagro-sup.fr\/wp-content\/uploads\/2019\/04\/poster-INRA_sommet2018V2-768x1087.jpg 768w\" sizes=\"auto, (max-width: 723px) 100vw, 723px\" \/><\/figure>\n","protected":false},"excerpt":{"rendered":"<p>Voici le poster que nous avons pr\u00e9sent\u00e9 au sommet de l&rsquo;\u00e9levage sur les interactions entre pissenlit et campagnols<\/p>\n","protected":false},"author":2,"featured_media":0,"comment_status":"open","ping_status":"open","sticky":false,"template":"","format":"standard","meta":{"footnotes":""},"categories":[3],"tags":[],"class_list":["post-369","post","type-post","status-publish","format-standard","hentry","category-blog"],"_links":{"self":[{"href":"https:\/\/demographie-campagnol.vetagro-sup.fr\/index.php\/wp-json\/wp\/v2\/posts\/369","targetHints":{"allow":["GET"]}}],"collection":[{"href":"https:\/\/demographie-campagnol.vetagro-sup.fr\/index.php\/wp-json\/wp\/v2\/posts"}],"about":[{"href":"https:\/\/demographie-campagnol.vetagro-sup.fr\/index.php\/wp-json\/wp\/v2\/types\/post"}],"author":[{"embeddable":true,"href":"https:\/\/demographie-campagnol.vetagro-sup.fr\/index.php\/wp-json\/wp\/v2\/users\/2"}],"replies":[{"embeddable":true,"href":"https:\/\/demographie-campagnol.vetagro-sup.fr\/index.php\/wp-json\/wp\/v2\/comments?post=369"}],"version-history":[{"count":2,"href":"https:\/\/demographie-campagnol.vetagro-sup.fr\/index.php\/wp-json\/wp\/v2\/posts\/369\/revisions"}],"predecessor-version":[{"id":372,"href":"https:\/\/demographie-campagnol.vetagro-sup.fr\/index.php\/wp-json\/wp\/v2\/posts\/369\/revisions\/372"}],"wp:attachment":[{"href":"https:\/\/demographie-campagnol.vetagro-sup.fr\/index.php\/wp-json\/wp\/v2\/media?parent=369"}],"wp:term":[{"taxonomy":"category","embeddable":true,"href":"https:\/\/demographie-campagnol.vetagro-sup.fr\/index.php\/wp-json\/wp\/v2\/categories?post=369"},{"taxonomy":"post_tag","embeddable":true,"href":"https:\/\/demographie-campagnol.vetagro-sup.fr\/index.php\/wp-json\/wp\/v2\/tags?post=369"}],"curies":[{"name":"wp","href":"https:\/\/api.w.org\/{rel}","templated":true}]}}